{"id":16532,"date":"2021-01-28T08:40:05","date_gmt":"2021-01-28T08:40:05","guid":{"rendered":"https:\/\/olasolar.com\/blog\/?p=16532"},"modified":"2021-02-08T09:04:59","modified_gmt":"2021-02-08T09:04:59","slug":"nuevo-calculo-de-los-peajes-de-transporte-y-distribucion-de-la-electricidad","status":"publish","type":"post","link":"https:\/\/olasolar.com\/blog\/nuevo-calculo-de-los-peajes-de-transporte-y-distribucion-de-la-electricidad\/","title":{"rendered":"Nuevo c\u00e1lculo de los peajes de transporte y distribuci\u00f3n de la electricidad"},"content":{"rendered":"<h2>La nueva tarifa 2.0TD<\/h2>\n<p>Seg\u00fan lo dispuesto en el BOE el 15 de enero del a\u00f1o pasado, deb\u00edan entrar en vigor, el 1 de noviembre de 2020, las nuevas tarifas de electricidad. Sin embargo, la situaci\u00f3n provocada por la pandemia de la COVID-19 retras\u00f3 su entrada en vigor hasta el 1 de abril de este a\u00f1o.<\/p>\n<p>Si bien a\u00fan falta mucha informaci\u00f3n por publicar, como cu\u00e1les ser\u00e1n los costes de las partes fijas de las <strong><span style=\"color: #3366ff;\"><a style=\"color: #3366ff;\" href=\"https:\/\/tarifasgasluz.com\/faq\/clasificacion-tarifas-acceso-electricidad\" target=\"_blank\" rel=\"noopener noreferrer\">nuevas tarifas<\/a><\/span>,<\/strong> lo cierto es que se saben muchas cosas sobre c\u00f3mo va a cambiar el mercado el\u00e9ctrico en nuestro pa\u00eds a partir de dicha fecha.<\/p>\n<h2>Nuevos peajes o tarifas de electricidad<\/h2>\n<p>En la actualidad existen doce tarifas de electricidad diferente, que pasar\u00e1n a ser seis con los nuevos cambios. El tipo de tarifa que podamos contratar depender\u00e1 del nivel de tensi\u00f3n y de la potencia que contratemos. Los cambios <strong>afectar\u00e1n por igual a todos los usuarios<\/strong>, <strong>independientemente de si est\u00e1n en el mercado regulado <span style=\"color: #3366ff;\">(<\/span><a href=\"https:\/\/tarifaluzhora.es\/info\/pvpc\" target=\"_blank\" rel=\"noopener noreferrer\"><span style=\"color: #3366ff;\">tarifa PVPC<\/span><\/a><span style=\"color: #3366ff;\">)<\/span> o mercado libre.<\/strong><\/p>\n<p>Las <strong>tarifas 2.0 y 2.1 pasar\u00e1n a unificarse en una sola tarifa, la 2.0TD.<\/strong><\/p>\n<p>Los consumidores que tengan autoconsumo a trav\u00e9s de red tendr\u00e1n sus propios peajes, que con la denominaci\u00f3n <strong>2.0TDA, 3.0TDA, 6.1TDA, 6.2TDA, 6.3TDA y 6.4TDA<\/strong>.<\/p>\n<h2>Tarifa de acceso 2.0TD<\/h2>\n<p>La nueva tarifa 2.0TD sustituye a las tarifas 2.0 y 2.1 actuales y sus caracter\u00edsticas ser\u00e1n las siguientes:<\/p>\n<p>\u25cf Tensi\u00f3n menor a 1 kV<br \/>\n\u25cf Potencia contratada menor a 15 kW en todos los periodos<br \/>\n\u25cf Dos t\u00e9rminos de potencia: punta y valle<br \/>\n\u25cf Tres t\u00e9rminos de energ\u00eda: punta, llano y valle<\/p>\n<p>Uno de los mayores cambios es que, con las nuevas tarifas, la discriminaci\u00f3n horaria ser\u00e1 obligatoria. En este tipo de peajes se paga un precio diferente seg\u00fan el momento del d\u00eda. La divisi\u00f3n vendr\u00e1 en tres periodos: un precio m\u00e1s caro (punta), uno medio (llano) y uno barato (valle). Si conseguimos acumular nuestro mayor consumo en el periodo valle podremos ahorrar entre un 25% y un 40% en nuestra factura de electricidad.<\/p>\n<p>Otro de los cambios importantes es que se podr\u00e1n contratar dos potencias diferentes. Hasta ahora, en las tarifas 2.0 y 2.1, s\u00f3lo se pod\u00eda contratar una potencia. Sin embargo, con la nueva tarifa se podr\u00e1 contratar dos potencias diferentes, una en horario punta (m\u00e1s cara) y otra en horario valle (m\u00e1s barata). Las horas valle, tanto para potencia como consumo, ser\u00e1n las horas nocturnas.<\/p>\n<p>Periodos de potencia:<\/p>\n<p><a href=\"https:\/\/olasolar.com\/blog\/wp-content\/uploads\/2021\/01\/periodos-2.0TD.png\" data-rel=\"lightbox-image-0\" data-rl_title=\"\" data-rl_caption=\"\" title=\"\"><img loading=\"lazy\" class=\"alignnone wp-image-16533\" src=\"https:\/\/olasolar.com\/blog\/wp-content\/uploads\/2021\/01\/periodos-2.0TD-300x146.png\" alt=\"\" width=\"586\" height=\"285\" srcset=\"https:\/\/olasolar.com\/blog\/wp-content\/uploads\/2021\/01\/periodos-2.0TD-300x146.png 300w, https:\/\/olasolar.com\/blog\/wp-content\/uploads\/2021\/01\/periodos-2.0TD-768x373.png 768w, https:\/\/olasolar.com\/blog\/wp-content\/uploads\/2021\/01\/periodos-2.0TD-700x340.png 700w, https:\/\/olasolar.com\/blog\/wp-content\/uploads\/2021\/01\/periodos-2.0TD.png 787w\" sizes=\"(max-width: 586px) 100vw, 586px\" \/><\/a><\/p>\n<p>Periodo de energ\u00eda:<\/p>\n<p><a href=\"https:\/\/olasolar.com\/blog\/wp-content\/uploads\/2021\/01\/periodos-2.0TD-e.png\" data-rel=\"lightbox-image-1\" data-rl_title=\"\" data-rl_caption=\"\" title=\"\"><img loading=\"lazy\" class=\"alignnone wp-image-16536\" src=\"https:\/\/olasolar.com\/blog\/wp-content\/uploads\/2021\/01\/periodos-2.0TD-e-300x146.png\" alt=\"\" width=\"588\" height=\"286\" srcset=\"https:\/\/olasolar.com\/blog\/wp-content\/uploads\/2021\/01\/periodos-2.0TD-e-300x146.png 300w, https:\/\/olasolar.com\/blog\/wp-content\/uploads\/2021\/01\/periodos-2.0TD-e-768x373.png 768w, https:\/\/olasolar.com\/blog\/wp-content\/uploads\/2021\/01\/periodos-2.0TD-e-700x340.png 700w, https:\/\/olasolar.com\/blog\/wp-content\/uploads\/2021\/01\/periodos-2.0TD-e.png 787w\" sizes=\"(max-width: 588px) 100vw, 588px\" \/><\/a><\/p>\n<p><strong>Peaje 3.0TD:<\/strong><\/p>\n<p>Sustituir\u00e1 a la actual tarifa 3.0A, con las siguientes caracter\u00edsticas:<\/p>\n<p>\u25cf Tensi\u00f3n &lt; 1 kV<br \/>\n\u25cf Potencia contratada superior a 15 kW por lo menos en uno de los periodos<br \/>\n\u25cf Seis t\u00e9rminos de potencia, con potencias crecientes.<br \/>\n\u25cb El periodo 1 de la nueva tarifa es el periodo 1 actual<br \/>\n\u25cb El periodo 2 de la tarifa actual se divide en cuatro (P2, P3, P4 y P5)<br \/>\n\u25cb El periodo 3 actual pasa a ser el periodo 6<\/p>\n<p>Uno de los grandes cambios es que se pasar\u00e1 de tres a seis periodos, en energ\u00eda y en potencia. Las potencias deber\u00e1n ser crecientes, es decir, la de un periodo deber\u00e1 ser igual o superior a la del periodo anterior.<\/p>\n<p>Otro cambio importante en las tarifas 3.0TD es c\u00f3mo se facturar\u00e1 la potencia. Con las nuevas tarifas se cobra por un lado la potencia contratada y por otro las penalizaciones por excesos de potencia. Dichas penalizaciones se van a calcular de manera diferente para los suministros de m\u00e1s o menos de 50 kW de potencia m\u00e1xima contratada.<\/p>\n<p><strong>Peaje 6.1TD, 6.2TD, 6.3TD y 6.4TD:<\/strong><\/p>\n<p>Sustituir\u00e1n a las tarifas 3.1A, 6.1, 6.2, 6.3 y 6.4 actuales, es decir, a los suministros de Alta Tensi\u00f3n. Dependiendo del nivel de tensi\u00f3n se tendr\u00e1 una tarifa u otra, con independencia de la potencia contratada. Se caracterizan por:<\/p>\n<p>\u25cf Tensi\u00f3n \u2265 1 kV<br \/>\n\u25cf La potencia contratada no tendr\u00e1 l\u00edmite.<br \/>\n\u25cf Seis t\u00e9rminos de potencia con potencias crecientes.<br \/>\n\u25cf En el caso de las tarifas 3.1A que tienen 3 t\u00e9rminos de potencia<br \/>\n\u25cb El periodo uno se mantiene como P1<br \/>\n\u25cb El periodo 2 de la actual tarifa se divide en cuatro: P2, P3, P4 y P5<br \/>\n\u25cb P3 actual pasar\u00e1 a ser P6<br \/>\n\u25cf En el resto, las mismas potencias<\/p>\n<p>El mayor cambio, como vemos, se da en las tarifas 3.1A donde pasamos de tres t\u00e9rminos a seis de potencia.<\/p>\n<p>Ya no existe una limitaci\u00f3n de potencia m\u00ednima contratada, pero se mantiene el requisito de que las potencias deben ser crecientes.<\/p>\n","protected":false},"excerpt":{"rendered":"<p>La nueva tarifa 2.0TD Seg\u00fan lo dispuesto en el BOE el 15 de enero del a\u00f1o pasado, deb\u00edan entrar en vigor, el 1 de noviembre de 2020, las nuevas tarifas de electricidad. Sin embargo, la situaci\u00f3n provocada por la pandemia de la COVID-19 retras\u00f3 su&#8230;<\/p>\n","protected":false},"author":3,"featured_media":16534,"comment_status":"open","ping_status":"open","sticky":false,"template":"","format":"standard","meta":[],"categories":[1],"tags":[],"_links":{"self":[{"href":"https:\/\/olasolar.com\/blog\/wp-json\/wp\/v2\/posts\/16532"}],"collection":[{"href":"https:\/\/olasolar.com\/blog\/wp-json\/wp\/v2\/posts"}],"about":[{"href":"https:\/\/olasolar.com\/blog\/wp-json\/wp\/v2\/types\/post"}],"author":[{"embeddable":true,"href":"https:\/\/olasolar.com\/blog\/wp-json\/wp\/v2\/users\/3"}],"replies":[{"embeddable":true,"href":"https:\/\/olasolar.com\/blog\/wp-json\/wp\/v2\/comments?post=16532"}],"version-history":[{"count":5,"href":"https:\/\/olasolar.com\/blog\/wp-json\/wp\/v2\/posts\/16532\/revisions"}],"predecessor-version":[{"id":16544,"href":"https:\/\/olasolar.com\/blog\/wp-json\/wp\/v2\/posts\/16532\/revisions\/16544"}],"wp:featuredmedia":[{"embeddable":true,"href":"https:\/\/olasolar.com\/blog\/wp-json\/wp\/v2\/media\/16534"}],"wp:attachment":[{"href":"https:\/\/olasolar.com\/blog\/wp-json\/wp\/v2\/media?parent=16532"}],"wp:term":[{"taxonomy":"category","embeddable":true,"href":"https:\/\/olasolar.com\/blog\/wp-json\/wp\/v2\/categories?post=16532"},{"taxonomy":"post_tag","embeddable":true,"href":"https:\/\/olasolar.com\/blog\/wp-json\/wp\/v2\/tags?post=16532"}],"curies":[{"name":"wp","href":"https:\/\/api.w.org\/{rel}","templated":true}]}}